{"id":14738,"date":"2024-03-22T10:40:19","date_gmt":"2024-03-22T09:40:19","guid":{"rendered":"https:\/\/www.dihdatalife.com\/?p=14738"},"modified":"2024-03-25T10:59:41","modified_gmt":"2024-03-25T09:59:41","slug":"evento-presencial-en-galicia-sobre-espazos-de-datos-de-saude","status":"publish","type":"post","link":"https:\/\/www.dihdatalife.com\/gl\/evento-presencial-en-galicia-sobre-espazos-de-datos-de-saude\/","title":{"rendered":"Evento presencial en Galicia sobre espazos de datos de sa\u00fade"},"content":{"rendered":"<p>O 3 de abril, <a href=\"https:\/\/www.gaiax.es\/\" target=\"_blank\" rel=\"noopener\">Gaia-X Espa\u00f1a<\/a> e o grupo de traballo de sa\u00fade, en colaboraci\u00f3n con <strong>DATAlife<\/strong> e <a href=\"https:\/\/www.gradiant.org\/\" target=\"_blank\" rel=\"noopener\">Gradiant<\/a>, organiza un <em>evento presencial en Galicia sobre espazos de datos de sa\u00fade<\/em> no CSIEB (<a href=\"https:\/\/maps.app.goo.gl\/RmmwaCPCRkPwPPDU8\" target=\"_blank\" rel=\"noopener\">Biopolo Sionlla<\/a>) de 9:00 a 13:30.<\/p>\n<p style=\"text-align: center;\"><a class=\"btn\" href=\"https:\/\/gaiax.es\/evento-presencial-en-galicia-espacio-de-datos-de-salud-gaiax\" target=\"_blank\" rel=\"noopener noreferrer\">Rex\u00edstrate!<\/a><\/p>\n<p>Os <strong>espazos de datos<\/strong> son ecosistemas onde se poden compartir datos, servizos de Intelixencia Artificial e infraestruturas TIC entre diferentes entidades cun obxectivo e unhas reglas de gobernanza com\u00fans. Actualmente \u00e9 o <strong>pilar fundamental para facilitar e impulsar a econom\u00eda do dato<\/strong> en calquer sector.<\/p>\n<p>Tanto \u00e9 as\u00ed que o <a href=\"https:\/\/sedediatid.mineco.gob.es\/es-es\/paginas\/index.aspx\" target=\"_blank\" rel=\"noopener\">Ministerio de Transformaci\u00f3n Dixital<\/a> publicou unha <a href=\"https:\/\/www.dihdatalife.com\/nueva-convocatoria-para-la-creacion-de-espacios-de-comparticion-de-datos\/\" target=\"_blank\" rel=\"noopener\">convocatoria<\/a> para o desenvolvemento de espazos de datos sectoriais por un valor de 150 mill\u00f3ns de euros.<\/p>\n<p>O <strong>sector sa\u00fade<\/strong> ten especial interese en realizar unha compartici\u00f3n segura e confiable de datos. Polo que nesta sesi\u00f3n centrar\u00e9monos en dito sector, explicando en que consisten os espazos de datos e dando detalles da convocatoria.<\/p>\n<h3>Presenta os teus casos de uso<\/h3>\n<p>Durante a xornada tam\u00e9n se abrir\u00e1 un <strong>espazo para os asistentes<\/strong>.<\/p>\n<p>Aqu\u00ed poderanse explicar diferentes tecnolox\u00edas, casos de uso, aplicaci\u00f3ns, servizos e tam\u00e9n as dificultados das s\u00faas empresas para obter valor dos datos.<\/p>\n<p>E finalizaremos cun tempo de debate para comentar os resultados.<\/p>\n<h3>Axenda<\/h3>\n<div class=\"_df_book df-lite\" id=\"df_14714\"  _slug=\"evento-salud-gaia-x\" data-title=\"evento-salud-gaia-x\" wpoptions=\"true\" thumbtype=\"\" ><\/div><script class=\"df-shortcode-script\" nowprocket type=\"application\/javascript\">window.option_df_14714 = {\"outline\":[],\"autoEnableOutline\":\"false\",\"autoEnableThumbnail\":\"false\",\"overwritePDFOutline\":\"false\",\"direction\":\"1\",\"pageSize\":\"0\",\"source\":\"https:\\\/\\\/www.dihdatalife.com\\\/wp-content\\\/uploads\\\/2024\\\/03\\\/Agenda_Gaia-X-salud-en-Galicia-3.pdf\",\"wpOptions\":\"true\"}; if(window.DFLIP && window.DFLIP.parseBooks){window.DFLIP.parseBooks();}<\/script>\n","protected":false},"excerpt":{"rendered":"<p>O 3 de abril, Gaia-X Espa\u00f1a e o grupo de traballo de sa\u00fade, en colaboraci\u00f3n con DATAlife e Gradiant, organiza un&#8230;<\/p>\n","protected":false},"author":6,"featured_media":14710,"comment_status":"closed","ping_status":"closed","sticky":false,"template":"","format":"standard","meta":{"footnotes":"","_links_to":"","_links_to_target":""},"categories":[74,77,185],"tags":[101,103,201,401],"class_list":["post-14738","post","type-post","status-publish","format-standard","has-post-thumbnail","hentry","category-actualidade","category-eventos-gl","category-proxecto-edih-datalife-gal","tag-coidados-saude","tag-datos-gl","tag-edih-gl","tag-gaia-x-gl"],"yoast_head":"<!-- This site is optimized with the Yoast SEO plugin v21.7 - https:\/\/yoast.com\/wordpress\/plugins\/seo\/ -->\r\n<title>Evento presencial en Galicia sobre espazos de datos de sa\u00fade<\/title>\r\n<meta name=\"description\" content=\"Gaia-X Espa\u00f1a, en colaboraci\u00f3n con DATAlife e Gradiant, organiza un evento presencial en Galicia sobre espazos de datos de sa\u00fade.\" \/>\r\n<meta name=\"robots\" content=\"index, follow, max-snippet:-1, max-image-preview:large, max-video-preview:-1\" \/>\r\n<link rel=\"canonical\" href=\"https:\/\/www.dihdatalife.com\/en\/?p=14743\" \/>\r\n<meta property=\"og:locale\" content=\"gl_ES\" \/>\r\n<meta property=\"og:type\" content=\"article\" \/>\r\n<meta property=\"og:title\" content=\"Evento presencial en Galicia sobre espazos de datos de sa\u00fade\" \/>\r\n<meta property=\"og:description\" content=\"Gaia-X Espa\u00f1a, en colaboraci\u00f3n con DATAlife e Gradiant, organiza un evento presencial en Galicia sobre espazos de datos de sa\u00fade.\" \/>\r\n<meta property=\"og:url\" content=\"https:\/\/www.dihdatalife.com\/en\/?p=14743\" \/>\r\n<meta property=\"og:site_name\" content=\"DATAlife\" \/>\r\n<meta property=\"article:published_time\" content=\"2024-03-22T09:40:19+00:00\" \/>\r\n<meta property=\"article:modified_time\" content=\"2024-03-25T09:59:41+00:00\" \/>\r\n<meta property=\"og:image\" content=\"https:\/\/www.dihdatalife.com\/wp-content\/uploads\/2024\/03\/Evento-Gaia-X-salud.png\" \/>\r\n\t<meta property=\"og:image:width\" content=\"1280\" \/>\r\n\t<meta property=\"og:image:height\" content=\"720\" \/>\r\n\t<meta property=\"og:image:type\" content=\"image\/png\" \/>\r\n<meta name=\"author\" content=\"Luc\u00eda G\u00f3mez\" \/>\r\n<meta name=\"twitter:card\" content=\"summary_large_image\" \/>\r\n<meta name=\"twitter:creator\" content=\"@DATAlife_DIH\" \/>\r\n<meta name=\"twitter:site\" content=\"@DATAlife_DIH\" \/>\r\n<meta name=\"twitter:label1\" content=\"Escrito por\" \/>\n\t<meta name=\"twitter:data1\" content=\"Luc\u00eda G\u00f3mez\" \/>\n\t<meta name=\"twitter:label2\" content=\"Tempo de lectura\" \/>\n\t<meta name=\"twitter:data2\" content=\"2 minutos\" \/>\r\n<script type=\"application\/ld+json\" class=\"yoast-schema-graph\">{\"@context\":\"https:\/\/schema.org\",\"@graph\":[{\"@type\":\"Article\",\"@id\":\"https:\/\/www.dihdatalife.com\/en\/?p=14743#article\",\"isPartOf\":{\"@id\":\"https:\/\/www.dihdatalife.com\/en\/?p=14743\"},\"author\":{\"name\":\"Luc\u00eda G\u00f3mez\",\"@id\":\"https:\/\/www.dihdatalife.com\/#\/schema\/person\/1b6b84bdf33fa7e041ed9614f8f8968d\"},\"headline\":\"Evento presencial en Galicia sobre espazos de datos de sa\u00fade\",\"datePublished\":\"2024-03-22T09:40:19+00:00\",\"dateModified\":\"2024-03-25T09:59:41+00:00\",\"mainEntityOfPage\":{\"@id\":\"https:\/\/www.dihdatalife.com\/en\/?p=14743\"},\"wordCount\":225,\"publisher\":{\"@id\":\"https:\/\/www.dihdatalife.com\/#organization\"},\"keywords\":[\"Coidados-Sa\u00fade\",\"Datos\",\"EDIH\",\"GAIA-X\"],\"articleSection\":[\"Actualidade\",\"Eventos\",\"Proxecto EDIH DATAlife\"],\"inLanguage\":\"gl-ES\"},{\"@type\":\"WebPage\",\"@id\":\"https:\/\/www.dihdatalife.com\/en\/?p=14743\",\"url\":\"https:\/\/www.dihdatalife.com\/en\/?p=14743\",\"name\":\"Evento presencial en Galicia sobre espazos de datos de sa\u00fade\",\"isPartOf\":{\"@id\":\"https:\/\/www.dihdatalife.com\/#website\"},\"datePublished\":\"2024-03-22T09:40:19+00:00\",\"dateModified\":\"2024-03-25T09:59:41+00:00\",\"description\":\"Gaia-X Espa\u00f1a, en colaboraci\u00f3n con DATAlife e Gradiant, organiza un evento presencial en Galicia sobre espazos de datos de sa\u00fade.\",\"breadcrumb\":{\"@id\":\"https:\/\/www.dihdatalife.com\/en\/?p=14743#breadcrumb\"},\"inLanguage\":\"gl-ES\",\"potentialAction\":[{\"@type\":\"ReadAction\",\"target\":[\"https:\/\/www.dihdatalife.com\/en\/?p=14743\"]}]},{\"@type\":\"BreadcrumbList\",\"@id\":\"https:\/\/www.dihdatalife.com\/en\/?p=14743#breadcrumb\",\"itemListElement\":[{\"@type\":\"ListItem\",\"position\":1,\"name\":\"Home\",\"item\":\"https:\/\/www.dihdatalife.com\/gl\/\"},{\"@type\":\"ListItem\",\"position\":2,\"name\":\"Evento presencial en Galicia sobre espazos de datos de sa\u00fade\"}]},{\"@type\":\"WebSite\",\"@id\":\"https:\/\/www.dihdatalife.com\/#website\",\"url\":\"https:\/\/www.dihdatalife.com\/\",\"name\":\"DATAlife\",\"description\":\"\",\"publisher\":{\"@id\":\"https:\/\/www.dihdatalife.com\/#organization\"},\"potentialAction\":[{\"@type\":\"SearchAction\",\"target\":{\"@type\":\"EntryPoint\",\"urlTemplate\":\"https:\/\/www.dihdatalife.com\/?s={search_term_string}\"},\"query-input\":\"required name=search_term_string\"}],\"inLanguage\":\"gl-ES\"},{\"@type\":\"Organization\",\"@id\":\"https:\/\/www.dihdatalife.com\/#organization\",\"name\":\"DATAlife\",\"url\":\"https:\/\/www.dihdatalife.com\/\",\"logo\":{\"@type\":\"ImageObject\",\"inLanguage\":\"gl-ES\",\"@id\":\"https:\/\/www.dihdatalife.com\/#\/schema\/logo\/image\/\",\"url\":\"https:\/\/www.dihdatalife.com\/wp-content\/uploads\/2020\/01\/dihdatalife.png\",\"contentUrl\":\"https:\/\/www.dihdatalife.com\/wp-content\/uploads\/2020\/01\/dihdatalife.png\",\"width\":2000,\"height\":400,\"caption\":\"DATAlife\"},\"image\":{\"@id\":\"https:\/\/www.dihdatalife.com\/#\/schema\/logo\/image\/\"},\"sameAs\":[\"https:\/\/twitter.com\/DATAlife_DIH\",\"https:\/\/es.linkedin.com\/in\/datalife-dih\"]},{\"@type\":\"Person\",\"@id\":\"https:\/\/www.dihdatalife.com\/#\/schema\/person\/1b6b84bdf33fa7e041ed9614f8f8968d\",\"name\":\"Luc\u00eda G\u00f3mez\",\"image\":{\"@type\":\"ImageObject\",\"inLanguage\":\"gl-ES\",\"@id\":\"https:\/\/www.dihdatalife.com\/#\/schema\/person\/image\/\",\"url\":\"https:\/\/secure.gravatar.com\/avatar\/3f9dc9710e4a6cf352dfb67a48888c5cee9d05c5a21992fe4c0c700817626bb0?s=96&d=mm&r=g\",\"contentUrl\":\"https:\/\/secure.gravatar.com\/avatar\/3f9dc9710e4a6cf352dfb67a48888c5cee9d05c5a21992fe4c0c700817626bb0?s=96&d=mm&r=g\",\"caption\":\"Luc\u00eda G\u00f3mez\"},\"url\":\"https:\/\/www.dihdatalife.com\/gl\/author\/comunicacion\/\"}]}<\/script>\r\n<!-- \/ Yoast SEO plugin. -->","yoast_head_json":{"title":"Evento presencial en Galicia sobre espazos de datos de sa\u00fade","description":"Gaia-X Espa\u00f1a, en colaboraci\u00f3n con DATAlife e Gradiant, organiza un evento presencial en Galicia sobre espazos de datos de sa\u00fade.","robots":{"index":"index","follow":"follow","max-snippet":"max-snippet:-1","max-image-preview":"max-image-preview:large","max-video-preview":"max-video-preview:-1"},"canonical":"https:\/\/www.dihdatalife.com\/en\/?p=14743","og_locale":"gl_ES","og_type":"article","og_title":"Evento presencial en Galicia sobre espazos de datos de sa\u00fade","og_description":"Gaia-X Espa\u00f1a, en colaboraci\u00f3n con DATAlife e Gradiant, organiza un evento presencial en Galicia sobre espazos de datos de sa\u00fade.","og_url":"https:\/\/www.dihdatalife.com\/en\/?p=14743","og_site_name":"DATAlife","article_published_time":"2024-03-22T09:40:19+00:00","article_modified_time":"2024-03-25T09:59:41+00:00","og_image":[{"width":1280,"height":720,"url":"https:\/\/www.dihdatalife.com\/wp-content\/uploads\/2024\/03\/Evento-Gaia-X-salud.png","type":"image\/png"}],"author":"Luc\u00eda G\u00f3mez","twitter_card":"summary_large_image","twitter_creator":"@DATAlife_DIH","twitter_site":"@DATAlife_DIH","twitter_misc":{"Escrito por":"Luc\u00eda G\u00f3mez","Tempo de lectura":"2 minutos"},"schema":{"@context":"https:\/\/schema.org","@graph":[{"@type":"Article","@id":"https:\/\/www.dihdatalife.com\/en\/?p=14743#article","isPartOf":{"@id":"https:\/\/www.dihdatalife.com\/en\/?p=14743"},"author":{"name":"Luc\u00eda G\u00f3mez","@id":"https:\/\/www.dihdatalife.com\/#\/schema\/person\/1b6b84bdf33fa7e041ed9614f8f8968d"},"headline":"Evento presencial en Galicia sobre espazos de datos de sa\u00fade","datePublished":"2024-03-22T09:40:19+00:00","dateModified":"2024-03-25T09:59:41+00:00","mainEntityOfPage":{"@id":"https:\/\/www.dihdatalife.com\/en\/?p=14743"},"wordCount":225,"publisher":{"@id":"https:\/\/www.dihdatalife.com\/#organization"},"keywords":["Coidados-Sa\u00fade","Datos","EDIH","GAIA-X"],"articleSection":["Actualidade","Eventos","Proxecto EDIH DATAlife"],"inLanguage":"gl-ES"},{"@type":"WebPage","@id":"https:\/\/www.dihdatalife.com\/en\/?p=14743","url":"https:\/\/www.dihdatalife.com\/en\/?p=14743","name":"Evento presencial en Galicia sobre espazos de datos de sa\u00fade","isPartOf":{"@id":"https:\/\/www.dihdatalife.com\/#website"},"datePublished":"2024-03-22T09:40:19+00:00","dateModified":"2024-03-25T09:59:41+00:00","description":"Gaia-X Espa\u00f1a, en colaboraci\u00f3n con DATAlife e Gradiant, organiza un evento presencial en Galicia sobre espazos de datos de sa\u00fade.","breadcrumb":{"@id":"https:\/\/www.dihdatalife.com\/en\/?p=14743#breadcrumb"},"inLanguage":"gl-ES","potentialAction":[{"@type":"ReadAction","target":["https:\/\/www.dihdatalife.com\/en\/?p=14743"]}]},{"@type":"BreadcrumbList","@id":"https:\/\/www.dihdatalife.com\/en\/?p=14743#breadcrumb","itemListElement":[{"@type":"ListItem","position":1,"name":"Home","item":"https:\/\/www.dihdatalife.com\/gl\/"},{"@type":"ListItem","position":2,"name":"Evento presencial en Galicia sobre espazos de datos de sa\u00fade"}]},{"@type":"WebSite","@id":"https:\/\/www.dihdatalife.com\/#website","url":"https:\/\/www.dihdatalife.com\/","name":"DATAlife","description":"","publisher":{"@id":"https:\/\/www.dihdatalife.com\/#organization"},"potentialAction":[{"@type":"SearchAction","target":{"@type":"EntryPoint","urlTemplate":"https:\/\/www.dihdatalife.com\/?s={search_term_string}"},"query-input":"required name=search_term_string"}],"inLanguage":"gl-ES"},{"@type":"Organization","@id":"https:\/\/www.dihdatalife.com\/#organization","name":"DATAlife","url":"https:\/\/www.dihdatalife.com\/","logo":{"@type":"ImageObject","inLanguage":"gl-ES","@id":"https:\/\/www.dihdatalife.com\/#\/schema\/logo\/image\/","url":"https:\/\/www.dihdatalife.com\/wp-content\/uploads\/2020\/01\/dihdatalife.png","contentUrl":"https:\/\/www.dihdatalife.com\/wp-content\/uploads\/2020\/01\/dihdatalife.png","width":2000,"height":400,"caption":"DATAlife"},"image":{"@id":"https:\/\/www.dihdatalife.com\/#\/schema\/logo\/image\/"},"sameAs":["https:\/\/twitter.com\/DATAlife_DIH","https:\/\/es.linkedin.com\/in\/datalife-dih"]},{"@type":"Person","@id":"https:\/\/www.dihdatalife.com\/#\/schema\/person\/1b6b84bdf33fa7e041ed9614f8f8968d","name":"Luc\u00eda G\u00f3mez","image":{"@type":"ImageObject","inLanguage":"gl-ES","@id":"https:\/\/www.dihdatalife.com\/#\/schema\/person\/image\/","url":"https:\/\/secure.gravatar.com\/avatar\/3f9dc9710e4a6cf352dfb67a48888c5cee9d05c5a21992fe4c0c700817626bb0?s=96&d=mm&r=g","contentUrl":"https:\/\/secure.gravatar.com\/avatar\/3f9dc9710e4a6cf352dfb67a48888c5cee9d05c5a21992fe4c0c700817626bb0?s=96&d=mm&r=g","caption":"Luc\u00eda G\u00f3mez"},"url":"https:\/\/www.dihdatalife.com\/gl\/author\/comunicacion\/"}]}},"_links":{"self":[{"href":"https:\/\/www.dihdatalife.com\/gl\/wp-json\/wp\/v2\/posts\/14738","targetHints":{"allow":["GET"]}}],"collection":[{"href":"https:\/\/www.dihdatalife.com\/gl\/wp-json\/wp\/v2\/posts"}],"about":[{"href":"https:\/\/www.dihdatalife.com\/gl\/wp-json\/wp\/v2\/types\/post"}],"author":[{"embeddable":true,"href":"https:\/\/www.dihdatalife.com\/gl\/wp-json\/wp\/v2\/users\/6"}],"replies":[{"embeddable":true,"href":"https:\/\/www.dihdatalife.com\/gl\/wp-json\/wp\/v2\/comments?post=14738"}],"version-history":[{"count":1,"href":"https:\/\/www.dihdatalife.com\/gl\/wp-json\/wp\/v2\/posts\/14738\/revisions"}],"predecessor-version":[{"id":14742,"href":"https:\/\/www.dihdatalife.com\/gl\/wp-json\/wp\/v2\/posts\/14738\/revisions\/14742"}],"wp:featuredmedia":[{"embeddable":true,"href":"https:\/\/www.dihdatalife.com\/gl\/wp-json\/wp\/v2\/media\/14710"}],"wp:attachment":[{"href":"https:\/\/www.dihdatalife.com\/gl\/wp-json\/wp\/v2\/media?parent=14738"}],"wp:term":[{"taxonomy":"category","embeddable":true,"href":"https:\/\/www.dihdatalife.com\/gl\/wp-json\/wp\/v2\/categories?post=14738"},{"taxonomy":"post_tag","embeddable":true,"href":"https:\/\/www.dihdatalife.com\/gl\/wp-json\/wp\/v2\/tags?post=14738"}],"curies":[{"name":"wp","href":"https:\/\/api.w.org\/{rel}","templated":true}]}}